{"id":54,"date":"2017-07-06T14:04:27","date_gmt":"2017-07-06T14:04:27","guid":{"rendered":"https:\/\/www.jugendverein-ummendorf.de\/?p=54"},"modified":"2018-01-23T14:05:32","modified_gmt":"2018-01-23T14:05:32","slug":"grundstueck-aufraeumen-im-ummendorfer-ried-2017","status":"publish","type":"post","link":"https:\/\/www.jugendverein-ummendorf.de\/?p=54","title":{"rendered":"Grundst\u00fcck aufr\u00e4umen  im Ummendorfer Ried 2017"},"content":{"rendered":"<p>Am Samstag den 08. Juli 2017 haben neun Mitglieder des Jugendverein Ummendorf sich zum Arbeiten \u00a0im Ummendorfer Ried getroffen. Treffpunkt und Arbeitsbeginn waren um 6.00 Uhr im Ried und die Aufgabe war es, das Grundst\u00fcck von Altmetall, behandelten Holz und sonstigen M\u00fcll zu befreien, sowie einen Zaun rund um das Gel\u00e4nde zu entfernen. Bei der Arbeit waren alle reichlich mit Getr\u00e4nken versorgt und die kurzen Pausen wurden durch die frische Luft und der Natur vers\u00fc\u00dft. Alle arbeiteten flei\u00dfig bis 13.00 Uhr, bis schlie\u00dflich alles erledigt war. Man verabschiedete sich noch bei einem gemeinsamen Mittagessen im Wald, das nach der anstrengenden Arbeit auch sofort verputzt war.<\/p>\n<p>Anwesend waren: Verena R.; Ferdinand M.; Kilian S.; Bastian B.; Arthur B.; Philip B.; Simon F.; Joshua B. und Fabio M.<\/p>\n<p><img loading=\"lazy\" class=\"aligncenter  wp-image-55\" src=\"https:\/\/www.jugendverein-ummendorf.de\/wp-content\/uploads\/2018\/01\/ried.png\" alt=\"\" width=\"699\" height=\"460\" srcset=\"https:\/\/www.jugendverein-ummendorf.de\/wp-content\/uploads\/2018\/01\/ried.png 491w, https:\/\/www.jugendverein-ummendorf.de\/wp-content\/uploads\/2018\/01\/ried-300x197.png 300w\" sizes=\"(max-width: 699px) 100vw, 699px\" \/><\/p>\n","protected":false},"excerpt":{"rendered":"<p>Am Samstag den 08. Juli 2017 haben neun Mitglieder des Jugendverein Ummendorf sich zum Arbeiten \u00a0im Ummendorfer Ried getroffen. Treffpunkt und Arbeitsbeginn waren um 6.00 Uhr im Ried und die Aufgabe war es, das Grundst\u00fcck von Altmetall, behandelten Holz und sonstigen M\u00fcll zu befreien, sowie einen Zaun rund um das Gel\u00e4nde zu entfernen. Bei der <a href=\"https:\/\/www.jugendverein-ummendorf.de\/?p=54\" rel=\"nofollow\"><span class=\"sr-only\">Read more about Grundst\u00fcck aufr\u00e4umen  im Ummendorfer Ried 2017<\/span>[&hellip;]<\/a><\/p>\n","protected":false},"author":1,"featured_media":0,"comment_status":"open","ping_status":"closed","sticky":false,"template":"","format":"standard","meta":[],"categories":[1],"tags":[],"_links":{"self":[{"href":"https:\/\/www.jugendverein-ummendorf.de\/index.php?rest_route=\/wp\/v2\/posts\/54"}],"collection":[{"href":"https:\/\/www.jugendverein-ummendorf.de\/index.php?rest_route=\/wp\/v2\/posts"}],"about":[{"href":"https:\/\/www.jugendverein-ummendorf.de\/index.php?rest_route=\/wp\/v2\/types\/post"}],"author":[{"embeddable":true,"href":"https:\/\/www.jugendverein-ummendorf.de\/index.php?rest_route=\/wp\/v2\/users\/1"}],"replies":[{"embeddable":true,"href":"https:\/\/www.jugendverein-ummendorf.de\/index.php?rest_route=%2Fwp%2Fv2%2Fcomments&post=54"}],"version-history":[{"count":1,"href":"https:\/\/www.jugendverein-ummendorf.de\/index.php?rest_route=\/wp\/v2\/posts\/54\/revisions"}],"predecessor-version":[{"id":56,"href":"https:\/\/www.jugendverein-ummendorf.de\/index.php?rest_route=\/wp\/v2\/posts\/54\/revisions\/56"}],"wp:attachment":[{"href":"https:\/\/www.jugendverein-ummendorf.de\/index.php?rest_route=%2Fwp%2Fv2%2Fmedia&parent=54"}],"wp:term":[{"taxonomy":"category","embeddable":true,"href":"https:\/\/www.jugendverein-ummendorf.de\/index.php?rest_route=%2Fwp%2Fv2%2Fcategories&post=54"},{"taxonomy":"post_tag","embeddable":true,"href":"https:\/\/www.jugendverein-ummendorf.de\/index.php?rest_route=%2Fwp%2Fv2%2Ftags&post=54"}],"curies":[{"name":"wp","href":"https:\/\/api.w.org\/{rel}","templated":true}]}}